[{"@context":"https:\/\/schema.org\/","@type":"Article","@id":"https:\/\/www.atrimex.sk\/stavte-na-pekne-nechty\/#Article","mainEntityOfPage":"https:\/\/www.atrimex.sk\/stavte-na-pekne-nechty\/","headline":"Stavte na pekn\u00e9 nechty","name":"Stavte na pekn\u00e9 nechty","description":"\u017deny nechc\u00fa by\u0165 kr\u00e1sne len ob\u010das. T\u00fa\u017eia po tom, aby \u017eiarili ka\u017ed\u00fd jeden de\u0148. Nez\u00e1le\u017e\u00ed na tom \u010di sa chystaj\u00fa...","datePublished":"2017-07-24","dateModified":"2023-04-27","author":{"@type":"Person","@id":"https:\/\/www.atrimex.sk\/author\/#Person","name":"","url":"https:\/\/www.atrimex.sk\/author\/","identifier":1,"image":{"@type":"ImageObject","@id":"https:\/\/secure.gravatar.com\/avatar\/d81a95b988e562d8ac0fc1eb5578e43f924bf78e85c5259f0dcab44a306610fa?s=96&d=mm&r=g","url":"https:\/\/secure.gravatar.com\/avatar\/d81a95b988e562d8ac0fc1eb5578e43f924bf78e85c5259f0dcab44a306610fa?s=96&d=mm&r=g","height":96,"width":96}},"publisher":{"@type":"Organization","name":"atrimex.sk","logo":{"@type":"ImageObject","@id":"\/logo.png","url":"\/logo.png","width":600,"height":60}},"image":{"@type":"ImageObject","@id":"https:\/\/www.atrimex.sk\/wp-content\/uploads\/img_a282650_w2011_t1505288809.jpg","url":"https:\/\/www.atrimex.sk\/wp-content\/uploads\/img_a282650_w2011_t1505288809.jpg","height":0,"width":0},"url":"https:\/\/www.atrimex.sk\/stavte-na-pekne-nechty\/","about":["\u0160port"],"wordCount":398,"articleBody":"\u017deny nechc\u00fa by\u0165 kr\u00e1sne len ob\u010das. T\u00fa\u017eia po tom, aby \u017eiarili ka\u017ed\u00fd jeden de\u0148. Nez\u00e1le\u017e\u00ed na tom \u010di sa chystaj\u00fa na nejak\u00fa oslavu, alebo svadbu, \u010di je piatok, alebo pondelok. Ide len o to, aby boli samy so sebou spokojn\u00e9. Na ni\u010dom inom im skuto\u010dne ve\u013emi nez\u00e1le\u017e\u00ed. Toto je ur\u010dite to najd\u00f4le\u017eitej\u0161ie, \u010do v ich \u017eivote je.  Neoberajte sa o \u010das Pr\u00e1ve preto tr\u00e1via cel\u00e9 hodiny pred zrkadlom, kde sa ma\u013euj\u00fa, upravuj\u00fa si vlasy. Chodia dva razy do mesiaca na kozmetiku a ku kadern\u00ed\u010dke niekedy aj \u010dastej\u0161ie. Nie ka\u017ed\u00e1 \u017eena to s vlasmi a s mejkapom skuto\u010dne vie. Chce to naozaj ve\u013ea cviku, ale aj talentu, pr\u00e1ve preto \u017eeny rad\u0161ej stavia na istotu a zveria sa do r\u00fak profesion\u00e1lok. Hlavne vtedy, ke\u010f nechc\u00fa ni\u010d pokazi\u0165. Je pravda, \u017ee tr\u00e1venie \u010dasu pred zrkadlom v\u00e1s ober\u00e1 o \u010das. Najlep\u0161ie by bolo nie\u010do permanentn\u00e9, no potom by to stratilo svoje \u010daro. Myslite aj na manik\u00faru Ke\u010f sa tak vzorne star\u00e1te o svoje vlasy a o svoju ple\u0165, venujete  https:\/\/www.ifauna.cz\/psi\/nemodforum\/r\/detail\/1772195\/kolik-casu-venujete-sve-border-collii pozornos\u0165 aj va\u0161ej manik\u00fare? Alebo s\u00fa va\u0161e nechty zanedban\u00e9 a ned\u00e1 sa na ne pozera\u0165? Zamyslite sa nad t\u00fdm. Mo\u017eno va\u0161e nechty nutne potrebuj\u00fa starostlivos\u0165 a v\u00fd\u017eivu a vy ste na to v\u00f4bec nebrali oh\u013ead. To v\u0161ak ur\u010dite nie je to, \u010do by sa od \u017eeny, ktor\u00e1 sa o seba star\u00e1, o\u010dak\u00e1valo. Stavte na nie\u010do, \u010do skuto\u010dne vydr\u017e\u00ed Ak je naozaj nie\u010do, \u010do va\u0161e nechty nevyhnutne potrebuj\u00fa, tak s\u00fa to ur\u010dite uv gely. Nez\u00e1le\u017e\u00ed na tom, ak\u00fa farbu si zvol\u00edte. D\u00f4le\u017eit\u00e9 je, \u017ee na nechtoch skuto\u010dne vydr\u017eia, ich v\u00fddr\u017e je naozaj ohromn\u00e1, spevnia ich a nebudete sa musie\u0165 ob\u00e1va\u0165 toho, \u017ee budete vyzera\u0165 neupravene a zanedbane.  Va\u0161a manik\u00fara nemus\u00ed by\u0165 v\u00fdrazn\u00e1 ani pr\u00edli\u0161 ok\u00e1zal\u00e1. \u00daplne sta\u010d\u00ed, ke\u010f budete ma\u0165 upraven\u00e9 nechty, na ktor\u00e9 sa bude \u0165a\u017ek\u00e9 nepozera\u0165. Nemus\u00edte ma\u0165 doma obrovsk\u00e9 mno\u017estvo lakov, ktor\u00e9 v\u00e1m len zaberaj\u00fa priestor. Sta\u010d\u00ed jeden produkt, na ktor\u00fd sa m\u00f4\u017eete spo\u013eahn\u00fa\u0165. To je presne to, \u010do ka\u017ed\u00e1 \u017eena naozaj potrebuje.                                                                                                                                                                                                                                                                                                                                                                                                "},{"@context":"https:\/\/schema.org\/","@type":"BreadcrumbList","itemListElement":[{"@type":"ListItem","position":1,"name":"Stavte na pekn\u00e9 nechty","item":"https:\/\/www.atrimex.sk\/stavte-na-pekne-nechty\/#breadcrumbitem"}]}]